{"id":750,"date":"2018-04-27T11:08:00","date_gmt":"2018-04-27T11:08:00","guid":{"rendered":"https:\/\/blogs.masdividendos.com\/oficial\/2018\/04\/27\/podcast-d-episodio-12-reflexionando-sobre-la-vida-y-la-inversion-con-jvas\/"},"modified":"2020-05-14T18:30:34","modified_gmt":"2020-05-14T18:30:34","slug":"podcast-d-episodio-12-reflexionando-sobre-la-vida-y-la-inversion-con-jvas","status":"publish","type":"post","link":"https:\/\/blogs.masdividendos.com\/oficial\/2018\/04\/27\/podcast-d-episodio-12-reflexionando-sobre-la-vida-y-la-inversion-con-jvas\/","title":{"rendered":"Podcast +D episodio 12. Reflexionando sobre la vida y la inversi\u00f3n con Jvas"},"content":{"rendered":"<!--[if lt IE 9]><script>document.createElement('audio');<\/script><![endif]-->\n<audio class=\"wp-audio-shortcode\" id=\"audio-750-1\" preload=\"none\" style=\"width: 100%;\" controls=\"controls\"><source type=\"audio\/mpeg\" src=\"https:\/\/www.ivoox.com\/podcast-d-episodio-12-reflexionando-sobre-vida_mf_25655533_feed_1.mp3?_=1\" \/><a href=\"https:\/\/www.ivoox.com\/podcast-d-episodio-12-reflexionando-sobre-vida_mf_25655533_feed_1.mp3\">https:\/\/www.ivoox.com\/podcast-d-episodio-12-reflexionando-sobre-vida_mf_25655533_feed_1.mp3<\/a><\/audio>\n<p>\t\t\t\t\tEste podcast que podemos catalogar como m\u00e1s personal, subimos el resultado de la conversaci\u00f3n entre Marcos y Jvas, hablando este \u00faltimo de su filosof\u00eda de inversi\u00f3n y de vida.<\/p>\n<p>Reflexionamos sobre su evoluci\u00f3n como inversor, la educaci\u00f3n de los hijos, la felicidad y los objetivos vitales. Multitud de temas se entrelazan en esta charla entre dos amigos.<\/p>\n<p>Conoce nuestro foro en www.masdividendos.com<\/p>\n","protected":false},"excerpt":{"rendered":"<p>Este podcast que podemos catalogar como m\u00e1s personal, subimos el resultado de la conversaci\u00f3n entre Marcos y Jvas, hablando este \u00faltimo de su filosof\u00eda de inversi\u00f3n y de vida. Reflexionamos sobre su evoluci\u00f3n como inversor, la educaci\u00f3n de los hijos, la felicidad y los objetivos vitales. Multitud de temas se entrelazan en esta charla entre dos amigos. Conoce nuestro foro en www.masdividendos.com<\/p>\n","protected":false},"author":1,"featured_media":0,"comment_status":"open","ping_status":"open","sticky":false,"template":"","format":"standard","meta":{"publish_to_discourse":"","publish_post_category":"1","wpdc_auto_publish_overridden":"","wpdc_topic_tags":"","wpdc_pin_topic":"","wpdc_pin_until":"","discourse_post_id":"","discourse_permalink":"","wpdc_publishing_response":"error","wpdc_publishing_error":"cURL error 28: Connection timed out after 10001 milliseconds","footnotes":""},"categories":[3],"tags":[],"_links":{"self":[{"href":"https:\/\/blogs.masdividendos.com\/oficial\/wp-json\/wp\/v2\/posts\/750"}],"collection":[{"href":"https:\/\/blogs.masdividendos.com\/oficial\/wp-json\/wp\/v2\/posts"}],"about":[{"href":"https:\/\/blogs.masdividendos.com\/oficial\/wp-json\/wp\/v2\/types\/post"}],"author":[{"embeddable":true,"href":"https:\/\/blogs.masdividendos.com\/oficial\/wp-json\/wp\/v2\/users\/1"}],"replies":[{"embeddable":true,"href":"https:\/\/blogs.masdividendos.com\/oficial\/wp-json\/wp\/v2\/comments?post=750"}],"version-history":[{"count":0,"href":"https:\/\/blogs.masdividendos.com\/oficial\/wp-json\/wp\/v2\/posts\/750\/revisions"}],"wp:attachment":[{"href":"https:\/\/blogs.masdividendos.com\/oficial\/wp-json\/wp\/v2\/media?parent=750"}],"wp:term":[{"taxonomy":"category","embeddable":true,"href":"https:\/\/blogs.masdividendos.com\/oficial\/wp-json\/wp\/v2\/categories?post=750"},{"taxonomy":"post_tag","embeddable":true,"href":"https:\/\/blogs.masdividendos.com\/oficial\/wp-json\/wp\/v2\/tags?post=750"}],"curies":[{"name":"wp","href":"https:\/\/api.w.org\/{rel}","templated":true}]}}